{"id":1498,"date":"2017-05-24T18:42:28","date_gmt":"2017-05-24T16:42:28","guid":{"rendered":"https:\/\/www.amtgroup.nl\/teilnahme-an-der-iaf-munster-30-mai-01-juni-2017\/"},"modified":"2022-03-23T16:03:06","modified_gmt":"2022-03-23T15:03:06","slug":"teilnahme-an-der-iaf-munster-30-mai-01-juni-2017","status":"publish","type":"post","link":"https:\/\/www.amtgroup.nl\/de\/news\/teilnahme-an-der-iaf-munster-30-mai-01-juni-2017\/","title":{"rendered":"Teilnahme an der IAF M\u00fcnster (30. Mai \u2013 01. Juni 2017)"},"content":{"rendered":"<div class=\"fusion-fullwidth fullwidth-box fusion-builder-row-1 fusion-flex-container nonhundred-percent-fullwidth non-hundred-percent-height-scrolling\" style=\"--awb-border-radius-top-left:0px;--awb-border-radius-top-right:0px;--awb-border-radius-bottom-right:0px;--awb-border-radius-bottom-left:0px;--awb-flex-wrap:wrap;\" ><div class=\"fusion-builder-row fusion-row fusion-flex-align-items-flex-start fusion-flex-content-wrap\" style=\"max-width:calc( 1200px + 0px );margin-left: calc(-0px \/ 2 );margin-right: calc(-0px \/ 2 );\"><div class=\"fusion-layout-column fusion_builder_column fusion-builder-column-0 fusion_builder_column_1_1 1_1 fusion-flex-column\" style=\"--awb-bg-size:cover;--awb-width-large:100%;--awb-margin-top-large:0px;--awb-spacing-right-large:0px;--awb-margin-bottom-large:0px;--awb-spacing-left-large:0px;--awb-width-medium:100%;--awb-spacing-right-medium:0px;--awb-spacing-left-medium:0px;--awb-width-small:100%;--awb-spacing-right-small:0px;--awb-spacing-left-small:0px;\"><div class=\"fusion-column-wrapper fusion-flex-justify-content-flex-start fusion-content-layout-column\"><div class=\"fusion-title title fusion-title-1 fusion-sep-none fusion-title-text fusion-title-size-one\" style=\"--awb-margin-top-small:0px;--awb-margin-right-small:0px;--awb-margin-bottom-small:20px;--awb-margin-left-small:0px;\"><h1 class=\"fusion-title-heading title-heading-left\" style=\"margin:0;\">Teilnahme an der IAF M\u00fcnster (30. Mai \u2013 01. Juni 2017)<\/h1><\/div><div class=\"fusion-text fusion-text-1\"><p>AMT Rail Road ist erstmals auf der IAF Messe in M\u00fcnster vertreten. Wir pr\u00e4sentieren dort unter anderem unsere Flachlohre mit Schotterkasten. Dort informieren wir Sie nicht nur \u00fcber unsere Maschinen f\u00fcr den Schieneneinsatz, sondern auch \u00fcber Schwei\u00dfarbeiten gem\u00e4\u00df der NEN-EN 15085-Zertifizierung und \u00fcber unseren Spezialmaschinenbau. Sie finden uns zusammen mit Richter &amp; Sohn Gmbh am Stand B-418 im Freigel\u00e4nde.<\/p>\n<\/div><\/div><\/div><\/div><\/div>\n","protected":false},"excerpt":{"rendered":"","protected":false},"author":1,"featured_media":1492,"comment_status":"open","ping_status":"open","sticky":false,"template":"","format":"standard","meta":{"footnotes":""},"categories":[58],"tags":[],"class_list":["post-1498","post","type-post","status-publish","format-standard","has-post-thumbnail","hentry","category-news"],"yoast_head":"<!-- This site is optimized with the Yoast SEO plugin v27.5 - https:\/\/yoast.com\/product\/yoast-seo-wordpress\/ -->\n<title>Teilnahme an der IAF M\u00fcnster (30. Mai \u2013 01. Juni 2017) - AMT Group<\/title>\n<meta name=\"robots\" content=\"index, follow, max-snippet:-1, max-image-preview:large, max-video-preview:-1\" \/>\n<link rel=\"canonical\" href=\"https:\/\/www.amtgroup.nl\/de\/news\/teilnahme-an-der-iaf-munster-30-mai-01-juni-2017\/\" \/>\n<meta property=\"og:locale\" content=\"de_DE\" \/>\n<meta property=\"og:type\" content=\"article\" \/>\n<meta property=\"og:title\" content=\"Teilnahme an der IAF M\u00fcnster (30. Mai \u2013 01. Juni 2017) - AMT Group\" \/>\n<meta property=\"og:url\" content=\"https:\/\/www.amtgroup.nl\/de\/news\/teilnahme-an-der-iaf-munster-30-mai-01-juni-2017\/\" \/>\n<meta property=\"og:site_name\" content=\"AMT Group\" \/>\n<meta property=\"article:publisher\" content=\"https:\/\/www.facebook.com\/amtgroup.nl\/\" \/>\n<meta property=\"article:published_time\" content=\"2017-05-24T16:42:28+00:00\" \/>\n<meta property=\"article:modified_time\" content=\"2022-03-23T15:03:06+00:00\" \/>\n<meta property=\"og:image\" content=\"https:\/\/www.amtgroup.nl\/wp-content\/uploads\/2017\/05\/International-Exhibition-for-Track-Technology-2017.png\" \/>\n\t<meta property=\"og:image:width\" content=\"1000\" \/>\n\t<meta property=\"og:image:height\" content=\"247\" \/>\n\t<meta property=\"og:image:type\" content=\"image\/png\" \/>\n<meta name=\"author\" content=\"AMT Group\" \/>\n<meta name=\"twitter:card\" content=\"summary_large_image\" \/>\n<meta name=\"twitter:label1\" content=\"Verfasst von\" \/>\n\t<meta name=\"twitter:data1\" content=\"AMT Group\" \/>\n\t<meta name=\"twitter:label2\" content=\"Gesch\u00e4tzte Lesezeit\" \/>\n\t<meta name=\"twitter:data2\" content=\"1\u00a0Minute\" \/>\n<script type=\"application\/ld+json\" class=\"yoast-schema-graph\">{\"@context\":\"https:\\\/\\\/schema.org\",\"@graph\":[{\"@type\":\"Article\",\"@id\":\"https:\\\/\\\/www.amtgroup.nl\\\/de\\\/news\\\/teilnahme-an-der-iaf-munster-30-mai-01-juni-2017\\\/#article\",\"isPartOf\":{\"@id\":\"https:\\\/\\\/www.amtgroup.nl\\\/de\\\/news\\\/teilnahme-an-der-iaf-munster-30-mai-01-juni-2017\\\/\"},\"author\":{\"name\":\"AMT Group\",\"@id\":\"https:\\\/\\\/www.amtgroup.nl\\\/de\\\/#\\\/schema\\\/person\\\/73e2d43e1193b2de87855759c23dddb4\"},\"headline\":\"Teilnahme an der IAF M\u00fcnster (30. Mai \u2013 01. Juni 2017)\",\"datePublished\":\"2017-05-24T16:42:28+00:00\",\"dateModified\":\"2022-03-23T15:03:06+00:00\",\"mainEntityOfPage\":{\"@id\":\"https:\\\/\\\/www.amtgroup.nl\\\/de\\\/news\\\/teilnahme-an-der-iaf-munster-30-mai-01-juni-2017\\\/\"},\"wordCount\":259,\"commentCount\":0,\"image\":{\"@id\":\"https:\\\/\\\/www.amtgroup.nl\\\/de\\\/news\\\/teilnahme-an-der-iaf-munster-30-mai-01-juni-2017\\\/#primaryimage\"},\"thumbnailUrl\":\"https:\\\/\\\/www.amtgroup.nl\\\/wp-content\\\/uploads\\\/2017\\\/05\\\/International-Exhibition-for-Track-Technology-2017.png\",\"articleSection\":[\"News\"],\"inLanguage\":\"de\",\"potentialAction\":[{\"@type\":\"CommentAction\",\"name\":\"Comment\",\"target\":[\"https:\\\/\\\/www.amtgroup.nl\\\/de\\\/news\\\/teilnahme-an-der-iaf-munster-30-mai-01-juni-2017\\\/#respond\"]}]},{\"@type\":\"WebPage\",\"@id\":\"https:\\\/\\\/www.amtgroup.nl\\\/de\\\/news\\\/teilnahme-an-der-iaf-munster-30-mai-01-juni-2017\\\/\",\"url\":\"https:\\\/\\\/www.amtgroup.nl\\\/de\\\/news\\\/teilnahme-an-der-iaf-munster-30-mai-01-juni-2017\\\/\",\"name\":\"Teilnahme an der IAF M\u00fcnster (30. Mai \u2013 01. Juni 2017) - AMT Group\",\"isPartOf\":{\"@id\":\"https:\\\/\\\/www.amtgroup.nl\\\/de\\\/#website\"},\"primaryImageOfPage\":{\"@id\":\"https:\\\/\\\/www.amtgroup.nl\\\/de\\\/news\\\/teilnahme-an-der-iaf-munster-30-mai-01-juni-2017\\\/#primaryimage\"},\"image\":{\"@id\":\"https:\\\/\\\/www.amtgroup.nl\\\/de\\\/news\\\/teilnahme-an-der-iaf-munster-30-mai-01-juni-2017\\\/#primaryimage\"},\"thumbnailUrl\":\"https:\\\/\\\/www.amtgroup.nl\\\/wp-content\\\/uploads\\\/2017\\\/05\\\/International-Exhibition-for-Track-Technology-2017.png\",\"datePublished\":\"2017-05-24T16:42:28+00:00\",\"dateModified\":\"2022-03-23T15:03:06+00:00\",\"author\":{\"@id\":\"https:\\\/\\\/www.amtgroup.nl\\\/de\\\/#\\\/schema\\\/person\\\/73e2d43e1193b2de87855759c23dddb4\"},\"breadcrumb\":{\"@id\":\"https:\\\/\\\/www.amtgroup.nl\\\/de\\\/news\\\/teilnahme-an-der-iaf-munster-30-mai-01-juni-2017\\\/#breadcrumb\"},\"inLanguage\":\"de\",\"potentialAction\":[{\"@type\":\"ReadAction\",\"target\":[\"https:\\\/\\\/www.amtgroup.nl\\\/de\\\/news\\\/teilnahme-an-der-iaf-munster-30-mai-01-juni-2017\\\/\"]}]},{\"@type\":\"ImageObject\",\"inLanguage\":\"de\",\"@id\":\"https:\\\/\\\/www.amtgroup.nl\\\/de\\\/news\\\/teilnahme-an-der-iaf-munster-30-mai-01-juni-2017\\\/#primaryimage\",\"url\":\"https:\\\/\\\/www.amtgroup.nl\\\/wp-content\\\/uploads\\\/2017\\\/05\\\/International-Exhibition-for-Track-Technology-2017.png\",\"contentUrl\":\"https:\\\/\\\/www.amtgroup.nl\\\/wp-content\\\/uploads\\\/2017\\\/05\\\/International-Exhibition-for-Track-Technology-2017.png\",\"width\":1000,\"height\":247},{\"@type\":\"BreadcrumbList\",\"@id\":\"https:\\\/\\\/www.amtgroup.nl\\\/de\\\/news\\\/teilnahme-an-der-iaf-munster-30-mai-01-juni-2017\\\/#breadcrumb\",\"itemListElement\":[{\"@type\":\"ListItem\",\"position\":1,\"name\":\"Home\",\"item\":\"https:\\\/\\\/www.amtgroup.nl\\\/de\\\/zuhause\\\/\"},{\"@type\":\"ListItem\",\"position\":2,\"name\":\"Teilnahme an der IAF M\u00fcnster (30. Mai \u2013 01. Juni 2017)\"}]},{\"@type\":\"WebSite\",\"@id\":\"https:\\\/\\\/www.amtgroup.nl\\\/de\\\/#website\",\"url\":\"https:\\\/\\\/www.amtgroup.nl\\\/de\\\/\",\"name\":\"AMT Group\",\"description\":\"Een modern productiebedrijf\",\"potentialAction\":[{\"@type\":\"SearchAction\",\"target\":{\"@type\":\"EntryPoint\",\"urlTemplate\":\"https:\\\/\\\/www.amtgroup.nl\\\/de\\\/?s={search_term_string}\"},\"query-input\":{\"@type\":\"PropertyValueSpecification\",\"valueRequired\":true,\"valueName\":\"search_term_string\"}}],\"inLanguage\":\"de\"},{\"@type\":\"Person\",\"@id\":\"https:\\\/\\\/www.amtgroup.nl\\\/de\\\/#\\\/schema\\\/person\\\/73e2d43e1193b2de87855759c23dddb4\",\"name\":\"AMT Group\",\"image\":{\"@type\":\"ImageObject\",\"inLanguage\":\"de\",\"@id\":\"https:\\\/\\\/secure.gravatar.com\\\/avatar\\\/1104625b1b71f7e65714ffc6576ec0caa68797cba275eaf3d2b4c3d367561d13?s=96&d=mm&r=g\",\"url\":\"https:\\\/\\\/secure.gravatar.com\\\/avatar\\\/1104625b1b71f7e65714ffc6576ec0caa68797cba275eaf3d2b4c3d367561d13?s=96&d=mm&r=g\",\"contentUrl\":\"https:\\\/\\\/secure.gravatar.com\\\/avatar\\\/1104625b1b71f7e65714ffc6576ec0caa68797cba275eaf3d2b4c3d367561d13?s=96&d=mm&r=g\",\"caption\":\"AMT Group\"}}]}<\/script>\n<!-- \/ Yoast SEO plugin. -->","yoast_head_json":{"title":"Teilnahme an der IAF M\u00fcnster (30. Mai \u2013 01. Juni 2017) - AMT Group","robots":{"index":"index","follow":"follow","max-snippet":"max-snippet:-1","max-image-preview":"max-image-preview:large","max-video-preview":"max-video-preview:-1"},"canonical":"https:\/\/www.amtgroup.nl\/de\/news\/teilnahme-an-der-iaf-munster-30-mai-01-juni-2017\/","og_locale":"de_DE","og_type":"article","og_title":"Teilnahme an der IAF M\u00fcnster (30. Mai \u2013 01. Juni 2017) - AMT Group","og_url":"https:\/\/www.amtgroup.nl\/de\/news\/teilnahme-an-der-iaf-munster-30-mai-01-juni-2017\/","og_site_name":"AMT Group","article_publisher":"https:\/\/www.facebook.com\/amtgroup.nl\/","article_published_time":"2017-05-24T16:42:28+00:00","article_modified_time":"2022-03-23T15:03:06+00:00","og_image":[{"width":1000,"height":247,"url":"https:\/\/www.amtgroup.nl\/wp-content\/uploads\/2017\/05\/International-Exhibition-for-Track-Technology-2017.png","type":"image\/png"}],"author":"AMT Group","twitter_card":"summary_large_image","twitter_misc":{"Verfasst von":"AMT Group","Gesch\u00e4tzte Lesezeit":"1\u00a0Minute"},"schema":{"@context":"https:\/\/schema.org","@graph":[{"@type":"Article","@id":"https:\/\/www.amtgroup.nl\/de\/news\/teilnahme-an-der-iaf-munster-30-mai-01-juni-2017\/#article","isPartOf":{"@id":"https:\/\/www.amtgroup.nl\/de\/news\/teilnahme-an-der-iaf-munster-30-mai-01-juni-2017\/"},"author":{"name":"AMT Group","@id":"https:\/\/www.amtgroup.nl\/de\/#\/schema\/person\/73e2d43e1193b2de87855759c23dddb4"},"headline":"Teilnahme an der IAF M\u00fcnster (30. Mai \u2013 01. Juni 2017)","datePublished":"2017-05-24T16:42:28+00:00","dateModified":"2022-03-23T15:03:06+00:00","mainEntityOfPage":{"@id":"https:\/\/www.amtgroup.nl\/de\/news\/teilnahme-an-der-iaf-munster-30-mai-01-juni-2017\/"},"wordCount":259,"commentCount":0,"image":{"@id":"https:\/\/www.amtgroup.nl\/de\/news\/teilnahme-an-der-iaf-munster-30-mai-01-juni-2017\/#primaryimage"},"thumbnailUrl":"https:\/\/www.amtgroup.nl\/wp-content\/uploads\/2017\/05\/International-Exhibition-for-Track-Technology-2017.png","articleSection":["News"],"inLanguage":"de","potentialAction":[{"@type":"CommentAction","name":"Comment","target":["https:\/\/www.amtgroup.nl\/de\/news\/teilnahme-an-der-iaf-munster-30-mai-01-juni-2017\/#respond"]}]},{"@type":"WebPage","@id":"https:\/\/www.amtgroup.nl\/de\/news\/teilnahme-an-der-iaf-munster-30-mai-01-juni-2017\/","url":"https:\/\/www.amtgroup.nl\/de\/news\/teilnahme-an-der-iaf-munster-30-mai-01-juni-2017\/","name":"Teilnahme an der IAF M\u00fcnster (30. Mai \u2013 01. Juni 2017) - AMT Group","isPartOf":{"@id":"https:\/\/www.amtgroup.nl\/de\/#website"},"primaryImageOfPage":{"@id":"https:\/\/www.amtgroup.nl\/de\/news\/teilnahme-an-der-iaf-munster-30-mai-01-juni-2017\/#primaryimage"},"image":{"@id":"https:\/\/www.amtgroup.nl\/de\/news\/teilnahme-an-der-iaf-munster-30-mai-01-juni-2017\/#primaryimage"},"thumbnailUrl":"https:\/\/www.amtgroup.nl\/wp-content\/uploads\/2017\/05\/International-Exhibition-for-Track-Technology-2017.png","datePublished":"2017-05-24T16:42:28+00:00","dateModified":"2022-03-23T15:03:06+00:00","author":{"@id":"https:\/\/www.amtgroup.nl\/de\/#\/schema\/person\/73e2d43e1193b2de87855759c23dddb4"},"breadcrumb":{"@id":"https:\/\/www.amtgroup.nl\/de\/news\/teilnahme-an-der-iaf-munster-30-mai-01-juni-2017\/#breadcrumb"},"inLanguage":"de","potentialAction":[{"@type":"ReadAction","target":["https:\/\/www.amtgroup.nl\/de\/news\/teilnahme-an-der-iaf-munster-30-mai-01-juni-2017\/"]}]},{"@type":"ImageObject","inLanguage":"de","@id":"https:\/\/www.amtgroup.nl\/de\/news\/teilnahme-an-der-iaf-munster-30-mai-01-juni-2017\/#primaryimage","url":"https:\/\/www.amtgroup.nl\/wp-content\/uploads\/2017\/05\/International-Exhibition-for-Track-Technology-2017.png","contentUrl":"https:\/\/www.amtgroup.nl\/wp-content\/uploads\/2017\/05\/International-Exhibition-for-Track-Technology-2017.png","width":1000,"height":247},{"@type":"BreadcrumbList","@id":"https:\/\/www.amtgroup.nl\/de\/news\/teilnahme-an-der-iaf-munster-30-mai-01-juni-2017\/#breadcrumb","itemListElement":[{"@type":"ListItem","position":1,"name":"Home","item":"https:\/\/www.amtgroup.nl\/de\/zuhause\/"},{"@type":"ListItem","position":2,"name":"Teilnahme an der IAF M\u00fcnster (30. Mai \u2013 01. Juni 2017)"}]},{"@type":"WebSite","@id":"https:\/\/www.amtgroup.nl\/de\/#website","url":"https:\/\/www.amtgroup.nl\/de\/","name":"AMT Group","description":"Een modern productiebedrijf","potentialAction":[{"@type":"SearchAction","target":{"@type":"EntryPoint","urlTemplate":"https:\/\/www.amtgroup.nl\/de\/?s={search_term_string}"},"query-input":{"@type":"PropertyValueSpecification","valueRequired":true,"valueName":"search_term_string"}}],"inLanguage":"de"},{"@type":"Person","@id":"https:\/\/www.amtgroup.nl\/de\/#\/schema\/person\/73e2d43e1193b2de87855759c23dddb4","name":"AMT Group","image":{"@type":"ImageObject","inLanguage":"de","@id":"https:\/\/secure.gravatar.com\/avatar\/1104625b1b71f7e65714ffc6576ec0caa68797cba275eaf3d2b4c3d367561d13?s=96&d=mm&r=g","url":"https:\/\/secure.gravatar.com\/avatar\/1104625b1b71f7e65714ffc6576ec0caa68797cba275eaf3d2b4c3d367561d13?s=96&d=mm&r=g","contentUrl":"https:\/\/secure.gravatar.com\/avatar\/1104625b1b71f7e65714ffc6576ec0caa68797cba275eaf3d2b4c3d367561d13?s=96&d=mm&r=g","caption":"AMT Group"}}]}},"_links":{"self":[{"href":"https:\/\/www.amtgroup.nl\/de\/wp-json\/wp\/v2\/posts\/1498","targetHints":{"allow":["GET"]}}],"collection":[{"href":"https:\/\/www.amtgroup.nl\/de\/wp-json\/wp\/v2\/posts"}],"about":[{"href":"https:\/\/www.amtgroup.nl\/de\/wp-json\/wp\/v2\/types\/post"}],"author":[{"embeddable":true,"href":"https:\/\/www.amtgroup.nl\/de\/wp-json\/wp\/v2\/users\/1"}],"replies":[{"embeddable":true,"href":"https:\/\/www.amtgroup.nl\/de\/wp-json\/wp\/v2\/comments?post=1498"}],"version-history":[{"count":8,"href":"https:\/\/www.amtgroup.nl\/de\/wp-json\/wp\/v2\/posts\/1498\/revisions"}],"predecessor-version":[{"id":15513,"href":"https:\/\/www.amtgroup.nl\/de\/wp-json\/wp\/v2\/posts\/1498\/revisions\/15513"}],"wp:featuredmedia":[{"embeddable":true,"href":"https:\/\/www.amtgroup.nl\/de\/wp-json\/wp\/v2\/media\/1492"}],"wp:attachment":[{"href":"https:\/\/www.amtgroup.nl\/de\/wp-json\/wp\/v2\/media?parent=1498"}],"wp:term":[{"taxonomy":"category","embeddable":true,"href":"https:\/\/www.amtgroup.nl\/de\/wp-json\/wp\/v2\/categories?post=1498"},{"taxonomy":"post_tag","embeddable":true,"href":"https:\/\/www.amtgroup.nl\/de\/wp-json\/wp\/v2\/tags?post=1498"}],"curies":[{"name":"wp","href":"https:\/\/api.w.org\/{rel}","templated":true}]}}